{"id":5445,"date":"2019-10-30T11:26:19","date_gmt":"2019-10-30T10:26:19","guid":{"rendered":"https:\/\/www.gout.ch\/?p=5445"},"modified":"2019-10-30T11:26:19","modified_gmt":"2019-10-30T10:26:19","slug":"schoko-porridge-mit-einer-prise-sel-des-alpes","status":"publish","type":"post","link":"https:\/\/www.gout.ch\/de\/schoko-porridge-mit-einer-prise-sel-des-alpes\/","title":{"rendered":"Schoko Porridge mit einer Prise Sel des Alpes"},"content":{"rendered":"<p>Gipfeli und Cornflakes sind ja fein, aber auf die Dauer auch nicht wirklich zufriedenstellend. Etwas Warmes am Morgen soll f\u00fcr die Verdauung ja am besten sein, darum essen viele Menschen Porridge, also Haferbrei, zum Fr\u00fchst\u00fcck. Und der muss alles andere als fad sein. Diese Variante enth\u00e4lt ganz viel reichhaltiges Kakaopulver, etwas Ahornsirup und eine Prise Salz nach alter Tradition. Man sollte am besten gleich selber ausprobieren, wie fein dieser vegane Schoko-Traum zum Fr\u00fchst\u00fcck schmeckt!<\/p>\n<p>&nbsp;<\/p>\n<ul>\n<li>Das Kokos\u00f6l in einer Pfanne schmelzen und heiss werden lassen.<\/li>\n<li>Die Haferflocken hinzuf\u00fcgen\u00a0und sie leicht anr\u00f6sten.<\/li>\n<li>Anschliessend den Ahornsirup dazugeben und das Ganze unter st\u00e4ndigem R\u00fchren weiterr\u00f6sten, bis der Ahornsirup etwas karamellisiert<\/li>\n<li>Eine Prise Salz nach alter Tradition hinzuf\u00fcgen.<\/li>\n<li>Danach die Milch dazu giessen und\u00a0gut umr\u00fchren.<\/li>\n<li>Nun das Kakaopulver beif\u00fcgen und\u00a0das Ganze gut vermischen.<\/li>\n<li>Den Porridge warm servieren und\u00a0ihn mit der Nuss-\/Kernenmischung dekorieren.<\/li>\n<li>En Guete!<\/li>\n<li><strong>Tipp: <\/strong>Der\u00a0Porridge kann im Voraus zubereitet und in der Mikrowelle wieder aufgew\u00e4rmt werden.<\/li>\n<\/ul>\n<p>&nbsp;<\/p>\n<p><iframe loading=\"lazy\" src=\"https:\/\/player.vimeo.com\/video\/252063737?title=0&amp;byline=0&amp;portrait=0\" width=\"640\" height=\"640\" frameborder=\"0\" allowfullscreen=\"allowfullscreen\"><\/iframe><\/p>\n<p>&nbsp;<\/p>\n<p>Dieses Rezept ist unter<a href=\"https:\/\/www.seldesalpes.ch\/de\/blog\/2018\/01\/21\/schoko-porridge-mit-einer-prise-alpensalz\/\"> www.seldesalpes.ch<\/a> verf\u00fcgbar!<\/p>\n","protected":false},"excerpt":{"rendered":"<p>Gipfeli und Cornflakes sind ja fein, aber auf die Dauer auch nicht wirklich zufriedenstellend. Etwas Warmes am [&hellip;]<\/p>\n","protected":false},"author":3,"featured_media":5441,"comment_status":"open","ping_status":"open","sticky":false,"template":"","format":"standard","meta":{"_acf_changed":false,"footnotes":""},"categories":[11],"tags":[],"class_list":["post-5445","post","type-post","status-publish","format-standard","has-post-thumbnail","hentry","category-rezepte"],"acf":[],"yoast_head":"<!-- This site is optimized with the Yoast SEO plugin v27.4 - https:\/\/yoast.com\/product\/yoast-seo-wordpress\/ -->\n<title>Schoko Porridge mit einer Prise Sel des Alpes - Die Genusswoche<\/title>\n<meta name=\"robots\" content=\"index, follow, max-snippet:-1, max-image-preview:large, max-video-preview:-1\" \/>\n<link rel=\"canonical\" href=\"https:\/\/www.gout.ch\/de\/schoko-porridge-mit-einer-prise-sel-des-alpes\/\" \/>\n<meta property=\"og:locale\" content=\"de_DE\" \/>\n<meta property=\"og:type\" content=\"article\" \/>\n<meta property=\"og:title\" content=\"Schoko Porridge mit einer Prise Sel des Alpes - Die Genusswoche\" \/>\n<meta property=\"og:description\" content=\"Gipfeli und Cornflakes sind ja fein, aber auf die Dauer auch nicht wirklich zufriedenstellend. Etwas Warmes am [&hellip;]\" \/>\n<meta property=\"og:url\" content=\"https:\/\/www.gout.ch\/de\/schoko-porridge-mit-einer-prise-sel-des-alpes\/\" \/>\n<meta property=\"og:site_name\" content=\"Die Genusswoche\" \/>\n<meta property=\"article:published_time\" content=\"2019-10-30T10:26:19+00:00\" \/>\n<meta property=\"og:image\" content=\"https:\/\/www.gout.ch\/wp-content\/uploads\/2019\/10\/sda_pridge_9.jpg__1140x760_q85_crop_subsampling-2_upscale.jpg\" \/>\n\t<meta property=\"og:image:width\" content=\"1140\" \/>\n\t<meta property=\"og:image:height\" content=\"760\" \/>\n\t<meta property=\"og:image:type\" content=\"image\/jpeg\" \/>\n<meta name=\"author\" content=\"semainedugout\" \/>\n<meta name=\"twitter:card\" content=\"summary_large_image\" \/>\n<meta name=\"twitter:label1\" content=\"Verfasst von\" \/>\n\t<meta name=\"twitter:data1\" content=\"semainedugout\" \/>\n\t<meta name=\"twitter:label2\" content=\"Gesch\u00e4tzte Lesezeit\" \/>\n\t<meta name=\"twitter:data2\" content=\"1\u00a0Minute\" \/>\n<script type=\"application\/ld+json\" class=\"yoast-schema-graph\">{\"@context\":\"https:\\\/\\\/schema.org\",\"@graph\":[{\"@type\":\"Article\",\"@id\":\"https:\\\/\\\/www.gout.ch\\\/de\\\/schoko-porridge-mit-einer-prise-sel-des-alpes\\\/#article\",\"isPartOf\":{\"@id\":\"https:\\\/\\\/www.gout.ch\\\/de\\\/schoko-porridge-mit-einer-prise-sel-des-alpes\\\/\"},\"author\":{\"name\":\"semainedugout\",\"@id\":\"https:\\\/\\\/www.gout.ch\\\/de\\\/#\\\/schema\\\/person\\\/64b2f9199c6e8ff472697cbba4be7af1\"},\"headline\":\"Schoko Porridge mit einer Prise Sel des Alpes\",\"datePublished\":\"2019-10-30T10:26:19+00:00\",\"mainEntityOfPage\":{\"@id\":\"https:\\\/\\\/www.gout.ch\\\/de\\\/schoko-porridge-mit-einer-prise-sel-des-alpes\\\/\"},\"wordCount\":194,\"commentCount\":0,\"image\":{\"@id\":\"https:\\\/\\\/www.gout.ch\\\/de\\\/schoko-porridge-mit-einer-prise-sel-des-alpes\\\/#primaryimage\"},\"thumbnailUrl\":\"https:\\\/\\\/www.gout.ch\\\/wp-content\\\/uploads\\\/2019\\\/10\\\/sda_pridge_9.jpg__1140x760_q85_crop_subsampling-2_upscale.jpg\",\"articleSection\":[\"Rezepte\"],\"inLanguage\":\"de\",\"potentialAction\":[{\"@type\":\"CommentAction\",\"name\":\"Comment\",\"target\":[\"https:\\\/\\\/www.gout.ch\\\/de\\\/schoko-porridge-mit-einer-prise-sel-des-alpes\\\/#respond\"]}]},{\"@type\":\"WebPage\",\"@id\":\"https:\\\/\\\/www.gout.ch\\\/de\\\/schoko-porridge-mit-einer-prise-sel-des-alpes\\\/\",\"url\":\"https:\\\/\\\/www.gout.ch\\\/de\\\/schoko-porridge-mit-einer-prise-sel-des-alpes\\\/\",\"name\":\"Schoko Porridge mit einer Prise Sel des Alpes - Die Genusswoche\",\"isPartOf\":{\"@id\":\"https:\\\/\\\/www.gout.ch\\\/de\\\/#website\"},\"primaryImageOfPage\":{\"@id\":\"https:\\\/\\\/www.gout.ch\\\/de\\\/schoko-porridge-mit-einer-prise-sel-des-alpes\\\/#primaryimage\"},\"image\":{\"@id\":\"https:\\\/\\\/www.gout.ch\\\/de\\\/schoko-porridge-mit-einer-prise-sel-des-alpes\\\/#primaryimage\"},\"thumbnailUrl\":\"https:\\\/\\\/www.gout.ch\\\/wp-content\\\/uploads\\\/2019\\\/10\\\/sda_pridge_9.jpg__1140x760_q85_crop_subsampling-2_upscale.jpg\",\"datePublished\":\"2019-10-30T10:26:19+00:00\",\"author\":{\"@id\":\"https:\\\/\\\/www.gout.ch\\\/de\\\/#\\\/schema\\\/person\\\/64b2f9199c6e8ff472697cbba4be7af1\"},\"breadcrumb\":{\"@id\":\"https:\\\/\\\/www.gout.ch\\\/de\\\/schoko-porridge-mit-einer-prise-sel-des-alpes\\\/#breadcrumb\"},\"inLanguage\":\"de\",\"potentialAction\":[{\"@type\":\"ReadAction\",\"target\":[\"https:\\\/\\\/www.gout.ch\\\/de\\\/schoko-porridge-mit-einer-prise-sel-des-alpes\\\/\"]}]},{\"@type\":\"ImageObject\",\"inLanguage\":\"de\",\"@id\":\"https:\\\/\\\/www.gout.ch\\\/de\\\/schoko-porridge-mit-einer-prise-sel-des-alpes\\\/#primaryimage\",\"url\":\"https:\\\/\\\/www.gout.ch\\\/wp-content\\\/uploads\\\/2019\\\/10\\\/sda_pridge_9.jpg__1140x760_q85_crop_subsampling-2_upscale.jpg\",\"contentUrl\":\"https:\\\/\\\/www.gout.ch\\\/wp-content\\\/uploads\\\/2019\\\/10\\\/sda_pridge_9.jpg__1140x760_q85_crop_subsampling-2_upscale.jpg\",\"width\":1140,\"height\":760},{\"@type\":\"BreadcrumbList\",\"@id\":\"https:\\\/\\\/www.gout.ch\\\/de\\\/schoko-porridge-mit-einer-prise-sel-des-alpes\\\/#breadcrumb\",\"itemListElement\":[{\"@type\":\"ListItem\",\"position\":1,\"name\":\"Accueil\",\"item\":\"https:\\\/\\\/www.gout.ch\\\/de\\\/\"},{\"@type\":\"ListItem\",\"position\":2,\"name\":\"Schoko Porridge mit einer Prise Sel des Alpes\"}]},{\"@type\":\"WebSite\",\"@id\":\"https:\\\/\\\/www.gout.ch\\\/de\\\/#website\",\"url\":\"https:\\\/\\\/www.gout.ch\\\/de\\\/\",\"name\":\"Die Genusswoche\",\"description\":\"\",\"potentialAction\":[{\"@type\":\"SearchAction\",\"target\":{\"@type\":\"EntryPoint\",\"urlTemplate\":\"https:\\\/\\\/www.gout.ch\\\/de\\\/?s={search_term_string}\"},\"query-input\":{\"@type\":\"PropertyValueSpecification\",\"valueRequired\":true,\"valueName\":\"search_term_string\"}}],\"inLanguage\":\"de\"},{\"@type\":\"Person\",\"@id\":\"https:\\\/\\\/www.gout.ch\\\/de\\\/#\\\/schema\\\/person\\\/64b2f9199c6e8ff472697cbba4be7af1\",\"name\":\"semainedugout\",\"image\":{\"@type\":\"ImageObject\",\"inLanguage\":\"de\",\"@id\":\"https:\\\/\\\/secure.gravatar.com\\\/avatar\\\/ee1a5a021b79799a489996a60cc089e07cbb03eeb445fa2cfef9685a8bed09d3?s=96&d=mm&r=g\",\"url\":\"https:\\\/\\\/secure.gravatar.com\\\/avatar\\\/ee1a5a021b79799a489996a60cc089e07cbb03eeb445fa2cfef9685a8bed09d3?s=96&d=mm&r=g\",\"contentUrl\":\"https:\\\/\\\/secure.gravatar.com\\\/avatar\\\/ee1a5a021b79799a489996a60cc089e07cbb03eeb445fa2cfef9685a8bed09d3?s=96&d=mm&r=g\",\"caption\":\"semainedugout\"}}]}<\/script>\n<!-- \/ Yoast SEO plugin. -->","yoast_head_json":{"title":"Schoko Porridge mit einer Prise Sel des Alpes - Die Genusswoche","robots":{"index":"index","follow":"follow","max-snippet":"max-snippet:-1","max-image-preview":"max-image-preview:large","max-video-preview":"max-video-preview:-1"},"canonical":"https:\/\/www.gout.ch\/de\/schoko-porridge-mit-einer-prise-sel-des-alpes\/","og_locale":"de_DE","og_type":"article","og_title":"Schoko Porridge mit einer Prise Sel des Alpes - Die Genusswoche","og_description":"Gipfeli und Cornflakes sind ja fein, aber auf die Dauer auch nicht wirklich zufriedenstellend. Etwas Warmes am [&hellip;]","og_url":"https:\/\/www.gout.ch\/de\/schoko-porridge-mit-einer-prise-sel-des-alpes\/","og_site_name":"Die Genusswoche","article_published_time":"2019-10-30T10:26:19+00:00","og_image":[{"width":1140,"height":760,"url":"https:\/\/www.gout.ch\/wp-content\/uploads\/2019\/10\/sda_pridge_9.jpg__1140x760_q85_crop_subsampling-2_upscale.jpg","type":"image\/jpeg"}],"author":"semainedugout","twitter_card":"summary_large_image","twitter_misc":{"Verfasst von":"semainedugout","Gesch\u00e4tzte Lesezeit":"1\u00a0Minute"},"schema":{"@context":"https:\/\/schema.org","@graph":[{"@type":"Article","@id":"https:\/\/www.gout.ch\/de\/schoko-porridge-mit-einer-prise-sel-des-alpes\/#article","isPartOf":{"@id":"https:\/\/www.gout.ch\/de\/schoko-porridge-mit-einer-prise-sel-des-alpes\/"},"author":{"name":"semainedugout","@id":"https:\/\/www.gout.ch\/de\/#\/schema\/person\/64b2f9199c6e8ff472697cbba4be7af1"},"headline":"Schoko Porridge mit einer Prise Sel des Alpes","datePublished":"2019-10-30T10:26:19+00:00","mainEntityOfPage":{"@id":"https:\/\/www.gout.ch\/de\/schoko-porridge-mit-einer-prise-sel-des-alpes\/"},"wordCount":194,"commentCount":0,"image":{"@id":"https:\/\/www.gout.ch\/de\/schoko-porridge-mit-einer-prise-sel-des-alpes\/#primaryimage"},"thumbnailUrl":"https:\/\/www.gout.ch\/wp-content\/uploads\/2019\/10\/sda_pridge_9.jpg__1140x760_q85_crop_subsampling-2_upscale.jpg","articleSection":["Rezepte"],"inLanguage":"de","potentialAction":[{"@type":"CommentAction","name":"Comment","target":["https:\/\/www.gout.ch\/de\/schoko-porridge-mit-einer-prise-sel-des-alpes\/#respond"]}]},{"@type":"WebPage","@id":"https:\/\/www.gout.ch\/de\/schoko-porridge-mit-einer-prise-sel-des-alpes\/","url":"https:\/\/www.gout.ch\/de\/schoko-porridge-mit-einer-prise-sel-des-alpes\/","name":"Schoko Porridge mit einer Prise Sel des Alpes - Die Genusswoche","isPartOf":{"@id":"https:\/\/www.gout.ch\/de\/#website"},"primaryImageOfPage":{"@id":"https:\/\/www.gout.ch\/de\/schoko-porridge-mit-einer-prise-sel-des-alpes\/#primaryimage"},"image":{"@id":"https:\/\/www.gout.ch\/de\/schoko-porridge-mit-einer-prise-sel-des-alpes\/#primaryimage"},"thumbnailUrl":"https:\/\/www.gout.ch\/wp-content\/uploads\/2019\/10\/sda_pridge_9.jpg__1140x760_q85_crop_subsampling-2_upscale.jpg","datePublished":"2019-10-30T10:26:19+00:00","author":{"@id":"https:\/\/www.gout.ch\/de\/#\/schema\/person\/64b2f9199c6e8ff472697cbba4be7af1"},"breadcrumb":{"@id":"https:\/\/www.gout.ch\/de\/schoko-porridge-mit-einer-prise-sel-des-alpes\/#breadcrumb"},"inLanguage":"de","potentialAction":[{"@type":"ReadAction","target":["https:\/\/www.gout.ch\/de\/schoko-porridge-mit-einer-prise-sel-des-alpes\/"]}]},{"@type":"ImageObject","inLanguage":"de","@id":"https:\/\/www.gout.ch\/de\/schoko-porridge-mit-einer-prise-sel-des-alpes\/#primaryimage","url":"https:\/\/www.gout.ch\/wp-content\/uploads\/2019\/10\/sda_pridge_9.jpg__1140x760_q85_crop_subsampling-2_upscale.jpg","contentUrl":"https:\/\/www.gout.ch\/wp-content\/uploads\/2019\/10\/sda_pridge_9.jpg__1140x760_q85_crop_subsampling-2_upscale.jpg","width":1140,"height":760},{"@type":"BreadcrumbList","@id":"https:\/\/www.gout.ch\/de\/schoko-porridge-mit-einer-prise-sel-des-alpes\/#breadcrumb","itemListElement":[{"@type":"ListItem","position":1,"name":"Accueil","item":"https:\/\/www.gout.ch\/de\/"},{"@type":"ListItem","position":2,"name":"Schoko Porridge mit einer Prise Sel des Alpes"}]},{"@type":"WebSite","@id":"https:\/\/www.gout.ch\/de\/#website","url":"https:\/\/www.gout.ch\/de\/","name":"Die Genusswoche","description":"","potentialAction":[{"@type":"SearchAction","target":{"@type":"EntryPoint","urlTemplate":"https:\/\/www.gout.ch\/de\/?s={search_term_string}"},"query-input":{"@type":"PropertyValueSpecification","valueRequired":true,"valueName":"search_term_string"}}],"inLanguage":"de"},{"@type":"Person","@id":"https:\/\/www.gout.ch\/de\/#\/schema\/person\/64b2f9199c6e8ff472697cbba4be7af1","name":"semainedugout","image":{"@type":"ImageObject","inLanguage":"de","@id":"https:\/\/secure.gravatar.com\/avatar\/ee1a5a021b79799a489996a60cc089e07cbb03eeb445fa2cfef9685a8bed09d3?s=96&d=mm&r=g","url":"https:\/\/secure.gravatar.com\/avatar\/ee1a5a021b79799a489996a60cc089e07cbb03eeb445fa2cfef9685a8bed09d3?s=96&d=mm&r=g","contentUrl":"https:\/\/secure.gravatar.com\/avatar\/ee1a5a021b79799a489996a60cc089e07cbb03eeb445fa2cfef9685a8bed09d3?s=96&d=mm&r=g","caption":"semainedugout"}}]}},"_links":{"self":[{"href":"https:\/\/www.gout.ch\/de\/wp-json\/wp\/v2\/posts\/5445","targetHints":{"allow":["GET"]}}],"collection":[{"href":"https:\/\/www.gout.ch\/de\/wp-json\/wp\/v2\/posts"}],"about":[{"href":"https:\/\/www.gout.ch\/de\/wp-json\/wp\/v2\/types\/post"}],"author":[{"embeddable":true,"href":"https:\/\/www.gout.ch\/de\/wp-json\/wp\/v2\/users\/3"}],"replies":[{"embeddable":true,"href":"https:\/\/www.gout.ch\/de\/wp-json\/wp\/v2\/comments?post=5445"}],"version-history":[{"count":3,"href":"https:\/\/www.gout.ch\/de\/wp-json\/wp\/v2\/posts\/5445\/revisions"}],"predecessor-version":[{"id":5448,"href":"https:\/\/www.gout.ch\/de\/wp-json\/wp\/v2\/posts\/5445\/revisions\/5448"}],"wp:featuredmedia":[{"embeddable":true,"href":"https:\/\/www.gout.ch\/de\/wp-json\/wp\/v2\/media\/5441"}],"wp:attachment":[{"href":"https:\/\/www.gout.ch\/de\/wp-json\/wp\/v2\/media?parent=5445"}],"wp:term":[{"taxonomy":"category","embeddable":true,"href":"https:\/\/www.gout.ch\/de\/wp-json\/wp\/v2\/categories?post=5445"},{"taxonomy":"post_tag","embeddable":true,"href":"https:\/\/www.gout.ch\/de\/wp-json\/wp\/v2\/tags?post=5445"}],"curies":[{"name":"wp","href":"https:\/\/api.w.org\/{rel}","templated":true}]}}