{"id":9570,"date":"2022-04-27T11:03:54","date_gmt":"2022-04-27T09:03:54","guid":{"rendered":"https:\/\/www.gout.ch\/?p=9570"},"modified":"2022-04-27T11:08:47","modified_gmt":"2022-04-27T09:08:47","slug":"urdinkel-pizza-ahre","status":"publish","type":"post","link":"https:\/\/www.gout.ch\/de\/urdinkel-pizza-ahre\/","title":{"rendered":"UrDinkel-Pizza-\u00c4hre"},"content":{"rendered":"<p>f\u00fcr 6\u20138 Personen<\/p>\n<p>Zubereiten: ca. 1 Stunde<\/p>\n<p>Aufgehen lassen: ca. 4 Stunden<\/p>\n<p>oder \u00fcber Nacht<\/p>\n<p>Backen: ca. 30 Minuten<\/p>\n<p>Backpapier<\/p>\n<p>&nbsp;<\/p>\n<p><strong>Hefeteig<\/strong><\/p>\n<p>500 g UrDinkel-Halbweissmehl mit 20 % Schrot<\/p>\n<p>1 \u00bd TL Salz<\/p>\n<p>5\u201310 g Hefe, zerbr\u00f6ckelt<\/p>\n<ol>\n<li>3 dl Wasser<\/li>\n<\/ol>\n<p>2 EL Raps- oder Oliven\u00f6l<\/p>\n<p>&nbsp;<\/p>\n<p><strong>F\u00fcllung<\/strong><\/p>\n<p>200 g K\u00fcrbis, z. B. Butternut, oder S\u00fcsskartoffeln<\/p>\n<p>1 Handvoll Kr\u00e4uter, z. B. Basilikum, Thymian, Rosmarin<\/p>\n<p>150 g Mozzarella<\/p>\n<p>2 Flaschentomaten, gew\u00fcrfelt<\/p>\n<p>Salz, Pfeffer<\/p>\n<p>4\u20138 Scheiben Schinken, nach Belieben<\/p>\n<p>&nbsp;<\/p>\n<p>1<\/p>\n<p>F\u00fcr den Teig Mehl und Salz mischen. Hefe, Wasser und \u00d6l zum Mehl geben, nur kurz zu einem weichen, glatten Teig kneten. Hefeteig zugedeckt 3 bis 4 Stunden bei Raumtemperatur oder 1 Stunde bei Raumtemperatur und \u00fcber Nacht im K\u00fchlschrank auf das doppelte Volumen aufgehen lassen, mehrmals aufziehen oder falten.<\/p>\n<p>2<\/p>\n<p>F\u00fcr die F\u00fcllung K\u00fcrbis sch\u00e4len und auf der R\u00f6stiraffel reiben. Kr\u00e4uter von den Stielen zupfen und hacken. Mozzarella auf der R\u00f6stiraffel reiben. Alle Zutaten bis und mit Pfeffer mischen.<\/p>\n<p>3<\/p>\n<p>Teig halbieren, auf wenig Mehl zu Ovalen von ca. 20 \u00d7 35 cm ausrollen. Mit Schinken belegen, F\u00fcllung darauf verteilen, von der L\u00e4ngsseite her aufrollen, auf das vorbereitete Blech legen. Teigrollen zugedeckt 20 bis 30 Minuten aufgehen lassen. Mit wenig Mehl best\u00e4uben.<\/p>\n<p>4<\/p>\n<p>Backofen auf 200 \u00b0C vorheizen.<\/p>\n<p>5<\/p>\n<p>Teigrollen mit einer Schere versetzt einschneiden, einmal links und einmal rechts, Teigspitzen leicht nach aussen ziehen. So bekommt das Geb\u00e4ck die Form einer \u00c4hre.<\/p>\n<p>6<\/p>\n<p>\u00c4hren in der Mitte des vorgeheizten Ofens 30 bis 35 Minuten bei 200 \u00b0C backen. Herausnehmen, warm, lauwarm oder ausgek\u00fchlt servieren.<\/p>\n<p>&nbsp;<\/p>\n<p><strong>Tipps<\/strong><\/p>\n<p>Die \u00c4hren schmecken frisch am besten. Je l\u00e4nger man dem Teig zum Aufgehen Zeit gibt, desto weniger Hefe braucht es.<\/p>\n<p>&nbsp;<\/p>\n<p>Rezept aus dem Buch \u00abUrDinkel Feste feiern\u00bb. Jetzt bestellen per Telefon 034 409 37 38 oder im <a href=\"https:\/\/www.urdinkel.ch\/de\/shop\/buecher\/produkt?pid=477707\">Onlineshop<\/a><\/p>\n","protected":false},"excerpt":{"rendered":"<p>f\u00fcr 6\u20138 Personen Zubereiten: ca. 1 Stunde Aufgehen lassen: ca. 4 Stunden oder \u00fcber Nacht Backen: ca. [&hellip;]<\/p>\n","protected":false},"author":3,"featured_media":9575,"comment_status":"closed","ping_status":"closed","sticky":false,"template":"","format":"standard","meta":{"_acf_changed":false,"footnotes":""},"categories":[11],"tags":[],"class_list":["post-9570","post","type-post","status-publish","format-standard","has-post-thumbnail","hentry","category-rezepte"],"acf":[],"yoast_head":"<!-- This site is optimized with the Yoast SEO plugin v27.4 - https:\/\/yoast.com\/product\/yoast-seo-wordpress\/ -->\n<title>UrDinkel-Pizza-\u00c4hre - Die Genusswoche<\/title>\n<meta name=\"robots\" content=\"index, follow, max-snippet:-1, max-image-preview:large, max-video-preview:-1\" \/>\n<link rel=\"canonical\" href=\"https:\/\/www.gout.ch\/de\/urdinkel-pizza-ahre\/\" \/>\n<meta property=\"og:locale\" content=\"de_DE\" \/>\n<meta property=\"og:type\" content=\"article\" \/>\n<meta property=\"og:title\" content=\"UrDinkel-Pizza-\u00c4hre - Die Genusswoche\" \/>\n<meta property=\"og:description\" content=\"f\u00fcr 6\u20138 Personen Zubereiten: ca. 1 Stunde Aufgehen lassen: ca. 4 Stunden oder \u00fcber Nacht Backen: ca. [&hellip;]\" \/>\n<meta property=\"og:url\" content=\"https:\/\/www.gout.ch\/de\/urdinkel-pizza-ahre\/\" \/>\n<meta property=\"og:site_name\" content=\"Die Genusswoche\" \/>\n<meta property=\"article:published_time\" content=\"2022-04-27T09:03:54+00:00\" \/>\n<meta property=\"article:modified_time\" content=\"2022-04-27T09:08:47+00:00\" \/>\n<meta property=\"og:image\" content=\"https:\/\/www.gout.ch\/wp-content\/uploads\/2022\/04\/Pizza-A\u0308hre-Rezeptbild-site-scaled.jpg\" \/>\n\t<meta property=\"og:image:width\" content=\"2560\" \/>\n\t<meta property=\"og:image:height\" content=\"1852\" \/>\n\t<meta property=\"og:image:type\" content=\"image\/jpeg\" \/>\n<meta name=\"author\" content=\"semainedugout\" \/>\n<meta name=\"twitter:card\" content=\"summary_large_image\" \/>\n<meta name=\"twitter:label1\" content=\"Verfasst von\" \/>\n\t<meta name=\"twitter:data1\" content=\"semainedugout\" \/>\n\t<meta name=\"twitter:label2\" content=\"Gesch\u00e4tzte Lesezeit\" \/>\n\t<meta name=\"twitter:data2\" content=\"1\u00a0Minute\" \/>\n<script type=\"application\/ld+json\" class=\"yoast-schema-graph\">{\"@context\":\"https:\\\/\\\/schema.org\",\"@graph\":[{\"@type\":\"Article\",\"@id\":\"https:\\\/\\\/www.gout.ch\\\/de\\\/urdinkel-pizza-ahre\\\/#article\",\"isPartOf\":{\"@id\":\"https:\\\/\\\/www.gout.ch\\\/de\\\/urdinkel-pizza-ahre\\\/\"},\"author\":{\"name\":\"semainedugout\",\"@id\":\"https:\\\/\\\/www.gout.ch\\\/de\\\/#\\\/schema\\\/person\\\/64b2f9199c6e8ff472697cbba4be7af1\"},\"headline\":\"UrDinkel-Pizza-\u00c4hre\",\"datePublished\":\"2022-04-27T09:03:54+00:00\",\"dateModified\":\"2022-04-27T09:08:47+00:00\",\"mainEntityOfPage\":{\"@id\":\"https:\\\/\\\/www.gout.ch\\\/de\\\/urdinkel-pizza-ahre\\\/\"},\"wordCount\":281,\"image\":{\"@id\":\"https:\\\/\\\/www.gout.ch\\\/de\\\/urdinkel-pizza-ahre\\\/#primaryimage\"},\"thumbnailUrl\":\"https:\\\/\\\/www.gout.ch\\\/wp-content\\\/uploads\\\/2022\\\/04\\\/Pizza-A\u0308hre-Rezeptbild-site-scaled.jpg\",\"articleSection\":[\"Rezepte\"],\"inLanguage\":\"de\"},{\"@type\":\"WebPage\",\"@id\":\"https:\\\/\\\/www.gout.ch\\\/de\\\/urdinkel-pizza-ahre\\\/\",\"url\":\"https:\\\/\\\/www.gout.ch\\\/de\\\/urdinkel-pizza-ahre\\\/\",\"name\":\"UrDinkel-Pizza-\u00c4hre - Die Genusswoche\",\"isPartOf\":{\"@id\":\"https:\\\/\\\/www.gout.ch\\\/de\\\/#website\"},\"primaryImageOfPage\":{\"@id\":\"https:\\\/\\\/www.gout.ch\\\/de\\\/urdinkel-pizza-ahre\\\/#primaryimage\"},\"image\":{\"@id\":\"https:\\\/\\\/www.gout.ch\\\/de\\\/urdinkel-pizza-ahre\\\/#primaryimage\"},\"thumbnailUrl\":\"https:\\\/\\\/www.gout.ch\\\/wp-content\\\/uploads\\\/2022\\\/04\\\/Pizza-A\u0308hre-Rezeptbild-site-scaled.jpg\",\"datePublished\":\"2022-04-27T09:03:54+00:00\",\"dateModified\":\"2022-04-27T09:08:47+00:00\",\"author\":{\"@id\":\"https:\\\/\\\/www.gout.ch\\\/de\\\/#\\\/schema\\\/person\\\/64b2f9199c6e8ff472697cbba4be7af1\"},\"breadcrumb\":{\"@id\":\"https:\\\/\\\/www.gout.ch\\\/de\\\/urdinkel-pizza-ahre\\\/#breadcrumb\"},\"inLanguage\":\"de\",\"potentialAction\":[{\"@type\":\"ReadAction\",\"target\":[\"https:\\\/\\\/www.gout.ch\\\/de\\\/urdinkel-pizza-ahre\\\/\"]}]},{\"@type\":\"ImageObject\",\"inLanguage\":\"de\",\"@id\":\"https:\\\/\\\/www.gout.ch\\\/de\\\/urdinkel-pizza-ahre\\\/#primaryimage\",\"url\":\"https:\\\/\\\/www.gout.ch\\\/wp-content\\\/uploads\\\/2022\\\/04\\\/Pizza-A\u0308hre-Rezeptbild-site-scaled.jpg\",\"contentUrl\":\"https:\\\/\\\/www.gout.ch\\\/wp-content\\\/uploads\\\/2022\\\/04\\\/Pizza-A\u0308hre-Rezeptbild-site-scaled.jpg\",\"width\":2560,\"height\":1852},{\"@type\":\"BreadcrumbList\",\"@id\":\"https:\\\/\\\/www.gout.ch\\\/de\\\/urdinkel-pizza-ahre\\\/#breadcrumb\",\"itemListElement\":[{\"@type\":\"ListItem\",\"position\":1,\"name\":\"Accueil\",\"item\":\"https:\\\/\\\/www.gout.ch\\\/de\\\/\"},{\"@type\":\"ListItem\",\"position\":2,\"name\":\"UrDinkel-Pizza-\u00c4hre\"}]},{\"@type\":\"WebSite\",\"@id\":\"https:\\\/\\\/www.gout.ch\\\/de\\\/#website\",\"url\":\"https:\\\/\\\/www.gout.ch\\\/de\\\/\",\"name\":\"Die Genusswoche\",\"description\":\"\",\"potentialAction\":[{\"@type\":\"SearchAction\",\"target\":{\"@type\":\"EntryPoint\",\"urlTemplate\":\"https:\\\/\\\/www.gout.ch\\\/de\\\/?s={search_term_string}\"},\"query-input\":{\"@type\":\"PropertyValueSpecification\",\"valueRequired\":true,\"valueName\":\"search_term_string\"}}],\"inLanguage\":\"de\"},{\"@type\":\"Person\",\"@id\":\"https:\\\/\\\/www.gout.ch\\\/de\\\/#\\\/schema\\\/person\\\/64b2f9199c6e8ff472697cbba4be7af1\",\"name\":\"semainedugout\",\"image\":{\"@type\":\"ImageObject\",\"inLanguage\":\"de\",\"@id\":\"https:\\\/\\\/secure.gravatar.com\\\/avatar\\\/ee1a5a021b79799a489996a60cc089e07cbb03eeb445fa2cfef9685a8bed09d3?s=96&d=mm&r=g\",\"url\":\"https:\\\/\\\/secure.gravatar.com\\\/avatar\\\/ee1a5a021b79799a489996a60cc089e07cbb03eeb445fa2cfef9685a8bed09d3?s=96&d=mm&r=g\",\"contentUrl\":\"https:\\\/\\\/secure.gravatar.com\\\/avatar\\\/ee1a5a021b79799a489996a60cc089e07cbb03eeb445fa2cfef9685a8bed09d3?s=96&d=mm&r=g\",\"caption\":\"semainedugout\"}}]}<\/script>\n<!-- \/ Yoast SEO plugin. -->","yoast_head_json":{"title":"UrDinkel-Pizza-\u00c4hre - Die Genusswoche","robots":{"index":"index","follow":"follow","max-snippet":"max-snippet:-1","max-image-preview":"max-image-preview:large","max-video-preview":"max-video-preview:-1"},"canonical":"https:\/\/www.gout.ch\/de\/urdinkel-pizza-ahre\/","og_locale":"de_DE","og_type":"article","og_title":"UrDinkel-Pizza-\u00c4hre - Die Genusswoche","og_description":"f\u00fcr 6\u20138 Personen Zubereiten: ca. 1 Stunde Aufgehen lassen: ca. 4 Stunden oder \u00fcber Nacht Backen: ca. [&hellip;]","og_url":"https:\/\/www.gout.ch\/de\/urdinkel-pizza-ahre\/","og_site_name":"Die Genusswoche","article_published_time":"2022-04-27T09:03:54+00:00","article_modified_time":"2022-04-27T09:08:47+00:00","og_image":[{"width":2560,"height":1852,"url":"https:\/\/www.gout.ch\/wp-content\/uploads\/2022\/04\/Pizza-A\u0308hre-Rezeptbild-site-scaled.jpg","type":"image\/jpeg"}],"author":"semainedugout","twitter_card":"summary_large_image","twitter_misc":{"Verfasst von":"semainedugout","Gesch\u00e4tzte Lesezeit":"1\u00a0Minute"},"schema":{"@context":"https:\/\/schema.org","@graph":[{"@type":"Article","@id":"https:\/\/www.gout.ch\/de\/urdinkel-pizza-ahre\/#article","isPartOf":{"@id":"https:\/\/www.gout.ch\/de\/urdinkel-pizza-ahre\/"},"author":{"name":"semainedugout","@id":"https:\/\/www.gout.ch\/de\/#\/schema\/person\/64b2f9199c6e8ff472697cbba4be7af1"},"headline":"UrDinkel-Pizza-\u00c4hre","datePublished":"2022-04-27T09:03:54+00:00","dateModified":"2022-04-27T09:08:47+00:00","mainEntityOfPage":{"@id":"https:\/\/www.gout.ch\/de\/urdinkel-pizza-ahre\/"},"wordCount":281,"image":{"@id":"https:\/\/www.gout.ch\/de\/urdinkel-pizza-ahre\/#primaryimage"},"thumbnailUrl":"https:\/\/www.gout.ch\/wp-content\/uploads\/2022\/04\/Pizza-A\u0308hre-Rezeptbild-site-scaled.jpg","articleSection":["Rezepte"],"inLanguage":"de"},{"@type":"WebPage","@id":"https:\/\/www.gout.ch\/de\/urdinkel-pizza-ahre\/","url":"https:\/\/www.gout.ch\/de\/urdinkel-pizza-ahre\/","name":"UrDinkel-Pizza-\u00c4hre - Die Genusswoche","isPartOf":{"@id":"https:\/\/www.gout.ch\/de\/#website"},"primaryImageOfPage":{"@id":"https:\/\/www.gout.ch\/de\/urdinkel-pizza-ahre\/#primaryimage"},"image":{"@id":"https:\/\/www.gout.ch\/de\/urdinkel-pizza-ahre\/#primaryimage"},"thumbnailUrl":"https:\/\/www.gout.ch\/wp-content\/uploads\/2022\/04\/Pizza-A\u0308hre-Rezeptbild-site-scaled.jpg","datePublished":"2022-04-27T09:03:54+00:00","dateModified":"2022-04-27T09:08:47+00:00","author":{"@id":"https:\/\/www.gout.ch\/de\/#\/schema\/person\/64b2f9199c6e8ff472697cbba4be7af1"},"breadcrumb":{"@id":"https:\/\/www.gout.ch\/de\/urdinkel-pizza-ahre\/#breadcrumb"},"inLanguage":"de","potentialAction":[{"@type":"ReadAction","target":["https:\/\/www.gout.ch\/de\/urdinkel-pizza-ahre\/"]}]},{"@type":"ImageObject","inLanguage":"de","@id":"https:\/\/www.gout.ch\/de\/urdinkel-pizza-ahre\/#primaryimage","url":"https:\/\/www.gout.ch\/wp-content\/uploads\/2022\/04\/Pizza-A\u0308hre-Rezeptbild-site-scaled.jpg","contentUrl":"https:\/\/www.gout.ch\/wp-content\/uploads\/2022\/04\/Pizza-A\u0308hre-Rezeptbild-site-scaled.jpg","width":2560,"height":1852},{"@type":"BreadcrumbList","@id":"https:\/\/www.gout.ch\/de\/urdinkel-pizza-ahre\/#breadcrumb","itemListElement":[{"@type":"ListItem","position":1,"name":"Accueil","item":"https:\/\/www.gout.ch\/de\/"},{"@type":"ListItem","position":2,"name":"UrDinkel-Pizza-\u00c4hre"}]},{"@type":"WebSite","@id":"https:\/\/www.gout.ch\/de\/#website","url":"https:\/\/www.gout.ch\/de\/","name":"Die Genusswoche","description":"","potentialAction":[{"@type":"SearchAction","target":{"@type":"EntryPoint","urlTemplate":"https:\/\/www.gout.ch\/de\/?s={search_term_string}"},"query-input":{"@type":"PropertyValueSpecification","valueRequired":true,"valueName":"search_term_string"}}],"inLanguage":"de"},{"@type":"Person","@id":"https:\/\/www.gout.ch\/de\/#\/schema\/person\/64b2f9199c6e8ff472697cbba4be7af1","name":"semainedugout","image":{"@type":"ImageObject","inLanguage":"de","@id":"https:\/\/secure.gravatar.com\/avatar\/ee1a5a021b79799a489996a60cc089e07cbb03eeb445fa2cfef9685a8bed09d3?s=96&d=mm&r=g","url":"https:\/\/secure.gravatar.com\/avatar\/ee1a5a021b79799a489996a60cc089e07cbb03eeb445fa2cfef9685a8bed09d3?s=96&d=mm&r=g","contentUrl":"https:\/\/secure.gravatar.com\/avatar\/ee1a5a021b79799a489996a60cc089e07cbb03eeb445fa2cfef9685a8bed09d3?s=96&d=mm&r=g","caption":"semainedugout"}}]}},"_links":{"self":[{"href":"https:\/\/www.gout.ch\/de\/wp-json\/wp\/v2\/posts\/9570","targetHints":{"allow":["GET"]}}],"collection":[{"href":"https:\/\/www.gout.ch\/de\/wp-json\/wp\/v2\/posts"}],"about":[{"href":"https:\/\/www.gout.ch\/de\/wp-json\/wp\/v2\/types\/post"}],"author":[{"embeddable":true,"href":"https:\/\/www.gout.ch\/de\/wp-json\/wp\/v2\/users\/3"}],"replies":[{"embeddable":true,"href":"https:\/\/www.gout.ch\/de\/wp-json\/wp\/v2\/comments?post=9570"}],"version-history":[{"count":4,"href":"https:\/\/www.gout.ch\/de\/wp-json\/wp\/v2\/posts\/9570\/revisions"}],"predecessor-version":[{"id":9581,"href":"https:\/\/www.gout.ch\/de\/wp-json\/wp\/v2\/posts\/9570\/revisions\/9581"}],"wp:featuredmedia":[{"embeddable":true,"href":"https:\/\/www.gout.ch\/de\/wp-json\/wp\/v2\/media\/9575"}],"wp:attachment":[{"href":"https:\/\/www.gout.ch\/de\/wp-json\/wp\/v2\/media?parent=9570"}],"wp:term":[{"taxonomy":"category","embeddable":true,"href":"https:\/\/www.gout.ch\/de\/wp-json\/wp\/v2\/categories?post=9570"},{"taxonomy":"post_tag","embeddable":true,"href":"https:\/\/www.gout.ch\/de\/wp-json\/wp\/v2\/tags?post=9570"}],"curies":[{"name":"wp","href":"https:\/\/api.w.org\/{rel}","templated":true}]}}